{"id":7231,"date":"2025-11-29T13:48:12","date_gmt":"2025-11-29T13:48:12","guid":{"rendered":"https:\/\/birdrepellentasia.com\/?p=7231"},"modified":"2025-11-29T13:48:12","modified_gmt":"2025-11-29T13:48:12","slug":"monjas-inglesas","status":"publish","type":"post","link":"https:\/\/birdrepellentasia.com\/th\/scmonjasinglesas-cl\/monjas-inglesas\/","title":{"rendered":"monjas inglesas"},"content":{"rendered":"<h1>Colegio Del Sagrado Corazon Monjas Inglesas, Las Condes<\/h1>\n<div id=\"toc\" style=\"background: #f9f9f9;border: 1px solid #aaa;display: table;margin-bottom: 1em;padding: 1em;width: 350px;\">\n<p class=\"toctitle\" style=\"font-weight: 700;text-align: center;\">Content<\/p>\n<ul class=\"toc_list\">\n<li><a href=\"#toc-3\">el Buen Padre<\/a><\/li>\n<li><a href=\"#toc-4\">Recuperaci\u00f3n &#8211; Desarrollo \u2013 Entrega al Arzobispado de Santiago<\/a><\/li>\n<\/ul>\n<\/div>\n<p>Por otro lado una actividad incansable, m\u00e1s de 20 fundaciones a lo largo de Francia, formaci\u00f3n de hermanas, apoyo a las cabezas de las comunidades, preocupaci\u00f3n pr\u00e1ctica y efectiva de todos los aspectos materiales de las dos ramas. Una profunda vida m\u00edstica la lleva a horas de adoraci\u00f3n, a una uni\u00f3n continua y a fen\u00f3menos m\u00edsticos que ella misma no logra explicar, pero que el padre Coudrin aprovecha para saber los designios de Dios sobre la joven congregaci\u00f3n. Su estado se considera bueno, pero a\u00fan se aprecian evidentes da\u00f1os en el templito, a pesar de haber sido parcialmente restaurado el lugar pocos a\u00f1os antes del Bicentenario Nacional. Esta capilla tambi\u00e9n fue la cripta en donde terminaron sepultadas algunas de las primeras internas de la orden, incluyendo a su fundadora en Chile, la mencionada Ana du Rousier, tras fallecer en 1880 tras una larga obra a favor de la congregaci\u00f3n por la que consagr\u00f3 su vida. Se supon\u00eda, adem\u00e1s, que en esta plaza de Barrio Santa Isabel iban a trabajar y ofrecer sus productos artesanos de Santiago, con una feria propia, algo que nunca lleg\u00f3 a concretarse. Su impronta ha quedado registrada en otros sitios de la ciudad, como la calle y la ex plaza De los Artesanos del barrio de los mercados de La Vega.<\/p>\n<p>Monjas Inglesas de Apoquindo visitaron la fragata &#8220;Almirante Riveros&#8221;, en Valpara\u00edso, como parte de la tradicional actividad de &#8220;Padres e hijas&#8221;. Este s\u00e1bado 8 de noviembre, alumnas del colegio S.C. En medio del hermoso balneario de Re\u00f1aca, nuestro proyecto te deja al alcance de los mejores colegios de la ciudad, universidades, supermercados y, m\u00e1s importante a\u00fan, a minutos de la playa. Se trata de un barrio privado de casas en donde se forjen relaciones familiares y de amistad propias de nuestros antiguos barrios.<\/p>\n<p>Careciendo ya de mobiliario y alhajamiento del culto, destacan sus pinturas murales en tonos grises y ocres, hechos con la interesante t\u00e9cnica trampantojo (simulaci\u00f3n de fondos, planos y perspectivas), parecidas a las que pueden verse, por ejemplo, en algunas dependencias vaticanas. La plaza de marras fue dise\u00f1ada como un parque para la villa, con una tosca fuente de aguas propia al centro, aunque hoy est\u00e1 seca, con un macetero central en forma de poliedro. En ambos casos, se trat\u00f3 de plazas surgidas de remodelaciones en terrenos de antiguos inmuebles y propiedades en la comuna de Santiago, \u00fanica forma de obtener espacio para nuevas \u00e1reas verdes ya que la ocupaci\u00f3n urbana estaba llegando al colmo y se hac\u00edan poco rentables ante el mayor valor del suelo habitable.<\/p>\n<p>Al tener un lugar designado para cada material, los estudiantes aprenden a mantener su espacio de trabajo organizado y a dedicar tiempo espec\u00edfico para sus actividades acad\u00e9micas. Luego, en el a\u00f1o 2004, la Congregaci\u00f3n elige a la Orientadora de Ense\u00f1anza Media Sra. Este cargo lo desempe\u00f1\u00f3 la ex alumna Carmen Espinoza Rivas hasta el a\u00f1o 2003. En el a\u00f1o 1998, la Congregaci\u00f3n opt\u00f3 por dejar la Direcci\u00f3n Acad\u00e9mica del Colegio a cargo de una laica. El Concilio Vaticano II influy\u00f3 en el car\u00e1cter que se le dar\u00eda al colegio porque propon\u00eda la apertura a los sectores de bajos recursos. Esta era una de las caracter\u00edsticas de las obras de la Santa Madre; fundar dos obras al mismo tiempo, una obra totalmente gratuita, para ni\u00f1as de escasos recursos y un colegio con internado, para las que ten\u00edan posibilidades econ\u00f3micas.<\/p>\n<h2 id=\"toc-0\">Bailar\u00edn y artista talentoso: as\u00ed es la historia de Alan, el ni\u00f1o de 12 a\u00f1os embajador de la Telet\u00f3n 2025<\/h2>\n<p>Ese a\u00f1o el establecimiento contaba con 110 alumnos, todos internos, los que segu\u00edan un estricto r\u00e9gimen de estilo conventual. La ubicaci\u00f3n del establecimiento permit\u00eda dicho fen\u00f3meno, ya que se encontraba en un barrio exclusivo donde resid\u00eda la \u00e9lite de la miner\u00eda y las familias vinculadas a la historia del latifundio chileno. En Valpara\u00edso, ciudad puerto, exist\u00eda un colegio dependiente de los religiosos desde 1837. Durante el a\u00f1o 1848, el gobierno de Chile inst\u00f3 a los \u201cpadres franceses\u201d a crear establecimientos educacionales en Santiago y Copiap\u00f3; en la primera, por su categor\u00eda de capital del pa\u00eds, y la segunda, por ser un centro minero de relevancia en la econom\u00eda nacional. Actualmente, es uno de los centros educacionales m\u00e1s antiguos de la rep\u00fablica y se constituye como el primer colegio particular de la regi\u00f3n metropolitana.<\/p>\n<ul>\n<li>Asimismo, comienzan las actividades de la Academia Literaria, en conjunto con talleres de teatro, m\u00fasica y artes.<\/li>\n<li>En ambos casos, se trat\u00f3 de plazas surgidas de remodelaciones en terrenos de antiguos inmuebles y propiedades en la comuna de Santiago, \u00fanica forma de obtener espacio para nuevas \u00e1reas verdes ya que la ocupaci\u00f3n urbana estaba llegando al colmo y se hac\u00edan poco rentables ante el mayor valor del suelo habitable.<\/li>\n<li>Este cargo lo desempe\u00f1\u00f3 la ex alumna Carmen Espinoza Rivas hasta el a\u00f1o 2003.<\/li>\n<li>Ese a\u00f1o el establecimiento contaba con 110 alumnos, todos internos, los que segu\u00edan un estricto r\u00e9gimen de estilo conventual.<\/li>\n<li>Im\u00e1genes de actividades, podr\u00e1s explorar una amplia variedad de fotos que capturan la esencia de nuestra comunidad educativa, basada en los valores cristianos y la excelencia acad\u00e9mica.<\/li>\n<\/ul>\n<h3 id=\"toc-1\">Aerol\u00ednea Iberia dice que volver\u00e1 a volar a Venezuela \u201clo antes posible\u201d pero que no puede ir donde hay \u201calto riesgo\u201d<\/h3>\n<p>Esta historia&nbsp;se empieza a escribir en Francia 1779, a\u00f1o en que nace Magdalena Sof\u00eda Barat, quien fundar\u00eda en 1800 la Sociedad del Sagrado Coraz\u00f3n. \u00bfSe deb\u00eda continuar el estilo de vida y de trabajo configurado progresivamente en el tiempo de los Fundadores o deb\u00eda ser adaptado a los cambios de la sociedad, de la Iglesia, de la vida religiosa y tenerse en cuenta la nueva situaci\u00f3n que se crea sin la presencia carism\u00e1tica de ellos? Doble amor de su coraz\u00f3n, sirve a la Iglesia y a la expansi\u00f3n de su Congregaci\u00f3n. Del pastor est\u00e1 surgiendo el Fundador.Convencido de ser objeto de un misterioso designio de Dios, atento a los signos de la acci\u00f3n de Dios, encontrar\u00e1 en la Sociedad el Sagrado Coraz\u00f3n un grupo de mujeres que buscan algo m\u00e1s y ya practican una cierta vida religiosa. Si a esto unimos su incomprensible necesidad de penitencia por medios hoy considerados excesivos, sus viajes y sus largas horas de adoraci\u00f3n de noche, la vida de la Buena Madre es \u201cun constante milagro\u201d, seg\u00fan una afirmaci\u00f3n del Buen Padre. Su bondad unida a un car\u00e1cter fuerte, vivo y sensible al otro, la llevan a ser la Madre y Fundadora en ese r\u00e1pido crecimiento de la rama de las Hermanas.Uno de los dilemas que nos presenta la vida de \u201cla Buena Madre\u201d es la conjunci\u00f3n en ella de aspectos aparentemente contradictorios.<\/p>\n<p>Espectacular casa de 3 pisos con vista norte, living comedor en desnivel con chimenea, cocina independiente con &#8230; Ldquo Preciosa y elegante casa estilo mediterr\u00e1neo en Gregorio Mara\u00f1\u00f3n, <a href=\"\/th\/scmonjasinglesas.cl\/\">monjas inglesas<\/a> sector de alt\u00edsima plusval\u00eda y nivel, &#8230; Ubicada en Vi\u00f1a del Mar Alto se emplaza esta gran obra de arquitectura, destacando un color rosa p\u00e1lido. Espectacular casa de estilo neocl\u00e1sica ubicada a pasos de la Av. Amplia y preciosa casa en Bosques de Montemar. Estupenda casa, completamente s\u00f3lida, funcional y muy bien distribuida en dos plantas.Ubicada en un excelente barrio consolidado y seguro.<\/p>\n<h3 id=\"toc-2\">Nuestro padre Esteban se acerca un poco m\u00e1s a ser \u201cvenerable\u201d<\/h3>\n<p>Al comenzar el a\u00f1o 1920 el colegio hab\u00eda alcanzado su m\u00e1ximo desarrollo, tanto en el aspecto acad\u00e9mico como en medios materiales; hab\u00eda alcanzado su m\u00e1xima extensi\u00f3n y dispon\u00eda de todas las acomodaciones que correspond\u00edan a un establecimiento educacional de primer nivel. All\u00ed comenz\u00f3 a funcionar, con solo 11 alumnos la escuela nocturna P\u00edo X para obreros los que a fines de a\u00f1o ya eran 80. En 1907 un grupo de exalumnos y el colegio fundaron el Patronato de los Sagrados Corazones para lo cual la Congregaci\u00f3n don\u00f3 un sitio en el extremo sur del colegio donde hab\u00eda una peque\u00f1a casa. En 1906, desde la Academia Literaria surgi\u00f3 la \u201cRevista Colegial\u201d, la que fue censurada por la direcci\u00f3n, al a\u00f1o siguiente apareci\u00f3, editada por el colegio de Valpara\u00edso, la \u201cRevista Escolar\u201d publicaci\u00f3n com\u00fan a todos los colegios de la Congregaci\u00f3n. Estas construcciones se completaron en 1911 y 1915, a\u00f1os en los que se compraron las propiedades de la Alameda que estaban entre la capilla y la calle Carrera.Se aument\u00f3 la publicaci\u00f3n de textos de estudios. Durante el siglo&nbsp;XIX y parte del siglo&nbsp;XX, la comunidad escolar estuvo integrada por las familias m\u00e1s importantes de la sociedad santiaguina.<\/p>\n<p>La historia del Colegio Del Sagrado Coraz\u00f3n bien puede ser un espejo de la historia educacional chilena, porque en estos 155 a\u00f1os refleja fielmente c\u00f3mo ha ido cambiando el pa\u00eds, con todas sus vicisitudes. Somos reconocidos por nuestra excelencia educativa y nuestro camino en los valores de Cristo que le imprime el sello de nuestra congregaci\u00f3n de los Sagrados Corazones a lo largo de los a\u00f1os. Cuenta con m\u00e1s de 120 a\u00f1os de historia y una s\u00f3lida reputaci\u00f3n y prestigio que hemos construido en la comunidad local y en todo el pa\u00eds.<\/p>\n<h2 id=\"toc-4\">Recuperaci\u00f3n &#8211; Desarrollo \u2013 Entrega al Arzobispado de Santiago<\/h2>\n<p>Cohesiona en torno a ella al grupo de las Solitarias y a muchas mujeres que buscan una oportunidad de consagraci\u00f3n tras la destrucci\u00f3n de la vida religiosa provocada por los acontecimientos pol\u00edticos. Cuando la afecta la persecuci\u00f3n social y religiosa, buscando sentido a su vida, tras su encuentro con Dios en la prisi\u00f3n, es llevada a la Sociedad del Sagrado Coraz\u00f3n, al Padre Coudrin, su gu\u00eda, y al grupo de las solitarias, con quienes comienza a andar. A pesar del envejecimiento inevitable, el aislamiento de la plaza la ha mantenido en digno estado a ella y al templo, salvo por algunos rayados con aerosol. El cierre con rejas de la plaza hacia el lado de Angamos, parece ser una medida de seguridad algo posterior a su inauguraci\u00f3n. La Capilla del Sagrado Coraz\u00f3n fue respetada en aquellas remodelaciones de principios de los setenta, quedando como parte del nuevo conjunto habitacional, de la villa y la plaza.<\/p>\n<p>De acuerdo a lo que informan Andr\u00e9s Necochea Vergara y \u200ePilar Balbont\u00edn Vicu\u00f1a en \u00abLas plazas de Santiago\u00bb, la llamada Plaza de los Artesanos del 900 fue construida reci\u00e9n en 1970, al igual que la Plazuela de la Veracruz en calle Lastarria, enfrente al templo hom\u00f3nimo. Cuenta con aquella plaza propia hacia el lado de la calleja de Angamos, en donde se ha elevado por casi un siglo y medio su capilla, una de las m\u00e1s escondidas y desconocidas de la capital chilena. Del antiguo internado de las monjas, a\u00fan sobrevive el estupendo edificio decimon\u00f3nico de la casa central, ocupado por la sede de la Universidad Mayor (Facultad El Claustro). El mi\u00e9rcoles 7 de enero, en pleno verano santiaguino, por lo que el colegio estaba pr\u00e1cticamente vac\u00edo por el per\u00edodo de vacaciones, el tiempo era caluroso con una peque\u00f1a brisa del sur.<\/p>\n<p>El colegio se abr\u00eda a la comunidad con la ceremonia anual de Repartici\u00f3n de Premios y desde 1901 con la Revista de Gimnasia; ambas actividades convocaban a gran parte de la sociedad santiaguina. En el nuevo lugar, con m\u00e1s espacio, empezaron a prosperar las obras, y dos a\u00f1os m\u00e1s tarde la escuela gratuita \u201cSanta Magdalena Sof\u00eda\u201d abr\u00eda sus puertas. El 1 de mayo, a pedido del Gobierno, una Escuela Normal abr\u00eda sus puertas por primera vez a 40 alumnas y en 30 a\u00f1os pasaron por ella entre 400 a 500 normalistas, una s\u00f3lida contribuci\u00f3n a la sociedad chilena. En los \u00faltimos a\u00f1os de su vida, la fundadora hab\u00eda trabajado para lograr que sus hijas prosiguiesen la adaptaci\u00f3n de la Sociedad a las necesidades de la \u00e9poca, a fin de \u201casegurar la existencia de la Congregaci\u00f3n para el porvenir que Jes\u00fas le ha preparado.\u201d<\/p>","protected":false},"excerpt":{"rendered":"<p>Colegio Del Sagrado Corazon Monjas Inglesas, Las Condes Content el Buen Padre Recuperaci\u00f3n &#8211; Desarrollo \u2013 Entrega al Arzobispado de Santiago Por otro lado una actividad incansable, m\u00e1s de 20 fundaciones a lo largo de Francia, formaci\u00f3n de hermanas, apoyo a las cabezas de las comunidades, preocupaci\u00f3n pr\u00e1ctica y efectiva de todos los aspectos materiales [&hellip;]<\/p>\n","protected":false},"author":2,"featured_media":0,"comment_status":"open","ping_status":"open","sticky":false,"template":"","format":"standard","meta":{"_et_pb_use_builder":"","_et_pb_old_content":"","_et_gb_content_width":"","footnotes":""},"categories":[267],"tags":[],"class_list":["post-7231","post","type-post","status-publish","format-standard","hentry","category-scmonjasinglesas-cl"],"_links":{"self":[{"href":"https:\/\/birdrepellentasia.com\/th\/wp-json\/wp\/v2\/posts\/7231","targetHints":{"allow":["GET"]}}],"collection":[{"href":"https:\/\/birdrepellentasia.com\/th\/wp-json\/wp\/v2\/posts"}],"about":[{"href":"https:\/\/birdrepellentasia.com\/th\/wp-json\/wp\/v2\/types\/post"}],"author":[{"embeddable":true,"href":"https:\/\/birdrepellentasia.com\/th\/wp-json\/wp\/v2\/users\/2"}],"replies":[{"embeddable":true,"href":"https:\/\/birdrepellentasia.com\/th\/wp-json\/wp\/v2\/comments?post=7231"}],"version-history":[{"count":1,"href":"https:\/\/birdrepellentasia.com\/th\/wp-json\/wp\/v2\/posts\/7231\/revisions"}],"predecessor-version":[{"id":7244,"href":"https:\/\/birdrepellentasia.com\/th\/wp-json\/wp\/v2\/posts\/7231\/revisions\/7244"}],"wp:attachment":[{"href":"https:\/\/birdrepellentasia.com\/th\/wp-json\/wp\/v2\/media?parent=7231"}],"wp:term":[{"taxonomy":"category","embeddable":true,"href":"https:\/\/birdrepellentasia.com\/th\/wp-json\/wp\/v2\/categories?post=7231"},{"taxonomy":"post_tag","embeddable":true,"href":"https:\/\/birdrepellentasia.com\/th\/wp-json\/wp\/v2\/tags?post=7231"}],"curies":[{"name":"wp","href":"https:\/\/api.w.org\/{rel}","templated":true}]}}