{"id":7312,"date":"2025-12-01T19:30:06","date_gmt":"2025-12-01T19:30:06","guid":{"rendered":"https:\/\/birdrepellentasia.com\/?p=7312"},"modified":"2025-12-01T19:30:06","modified_gmt":"2025-12-01T19:30:06","slug":"pato-araya-servicios-de-belleza-11","status":"publish","type":"post","link":"https:\/\/birdrepellentasia.com\/th\/patoaraya-cl\/pato-araya-servicios-de-belleza-11\/","title":{"rendered":"pato araya servicios de belleza 11"},"content":{"rendered":"<h1>Feria Sal\u00f3n Look Santiago 2021 realiza desfile y homenaje p\u00f3stumo al reconocido estilista Patricio Araya<\/h1>\n<div id=\"toc\" style=\"background: #f9f9f9;border: 1px solid #aaa;display: table;margin-bottom: 1em;padding: 1em;width: 350px;\">\n<p class=\"toctitle\" style=\"font-weight: 700;text-align: center;\">Contenido<\/p>\n<ul class=\"toc_list\">\n<li><a href=\"#toc-0\">Edificio de la Bolsa tendr\u00e1 un estilo de centro urbano similar al MUT<\/a><\/li>\n<li><a href=\"#toc-2\">&#8220;Excelente atenci\u00f3n y por sobre todo he mejorado bastante por las dolencias que me acongojan.&#8221;<\/a><\/li>\n<li><a href=\"#toc-3\">Peluquer\u00eda<\/a><\/li>\n<li><a href=\"#toc-5\">Qui\u00e9n era Tony Germano, el actor de Netflix que falleci\u00f3 a sus 55 a\u00f1os<\/a><\/li>\n<\/ul>\n<\/div>\n<p>En ese lugar formalizaron su relaci&#xF3;n hace cinco a&#xF1;os. Si consegu&#xED;an comprar la casa y vivir en el campo, el mismo Araya le construir&#xED;a una gruta en agradecimiento. Entre San Bernardo y Calera de Tango, a 30 kil&#xF3;metros del sal&#xF3;n de belleza, Alejandro L&#xF3;pez abre la reja mientras sus perros le dan vueltas alrededor. Pero cuando terminaba la jornada volv&#xED;an a su casa, un lugar que apenas un par conoc&#xED;a. Adentro, subiendo la escalera a la izquierda, se encuentra el sal&#xF3;n privado que el peluquero destinaba para encargos especiales como teleseries, obras de teatro o desfiles de moda.<\/p>\n<h2 id=\"toc-0\">Edificio de la Bolsa tendr&#xE1; un estilo de centro urbano similar al MUT<\/h2>\n<ul>\n<li>Buscar servicios por letra inicial<\/li>\n<li>Su viudo busca a alguien que realmente valore la historia de la casa, que en su momento fue un verdadero epicentro de la elegancia y el glamour de Santiago.<\/li>\n<li>Esto habla de la trayectoria que \u00e9l ten\u00eda como profesional y el respeto que le tienen como peluquero, la gente se siente agradecida de haberlo conocido y de haber aprendido de lo que \u00e9l mostraba y lo que \u00e9l trataba de ense\u00f1ar, sobre la belleza\u201d, relata Alejandro L\u00f3pez, compa\u00f1ero de vida de Patricio Araya por m\u00e1s de 40 a\u00f1os.<\/li>\n<li>Descubrir m\u00e1s empresas en otras localidades de X Region Los Lagos<\/li>\n<li>Con a\u00f1os de experiencia en el sector, ofrecen una amplia gama de servicios Ver Peluquer\u00eda<\/li>\n<\/ul>\n<p>Los salones de belleza en San Bernardo est&#xE1;n distribuidos en diversas ubicaciones. Puedes reservar tu cita en l&#xED;nea en la mayor&#xED;a de los salones de belleza en San Bernardo. Alejandro L&#xF3;pez, pareja de Pato, esta ma&#xF1;ana en conversaci&#xF3;n con el matinal Bienvenidos, coment&#xF3; que estuvo junto al estilista 36 a&#xF1;os, y que ahora tendr&#xE1; que aprender a vivir con la pena el resto de su vida.<\/p>\n<p>Entre sus reconocimientos recibi&#xF3; el Premio Sedal al peluquero del a&#xF1;o m&#xE1;s destacado del pa&#xED;s y fue nombrado como &#x201C;Maestro de la peluquer&#xED;a&#x201D; por Loreal Chile. Pato Araya fue un peluquero y estilista con una amplia trayectoria en desfiles, producciones de moda, eventos y espect&#xE1;culos de cine, arte y televisi&#xF3;n. El estilista Patricio Araya, Pato para los amigos, falleci&#xF3; este 7 de abril a los 76 a&#xF1;os por complicaciones al coronavirus. Buscar servicios por letra inicial Descubre los mejores lugares para transformar tu look y disfrutar de una experiencia relajante y profesional.<\/p>\n<h3 id=\"toc-1\">&quot;No me recuper&#xE9; de eso&quot;: Luis Gnecco record&#xF3; a Tom&#xE1;s Vidiella y Pato Araya, compa&#xF1;eros de obra que murieron en pandemia<\/h3>\n<p>El sector est&#xE1; lleno de edificios&#xBB;, confidencia. Cuando <a href=\"https:\/\/patoaraya.cl\/\">pato araya hair studio<\/a> se termin&#xF3; de hacer, como en Chile siempre existe el chaqueteo, dec&#xED;an que era una torta de novios, pero es una propiedad &#xFA;nica. Actualmente contin&#xFA;an los trabajos en el lugar para poder mover el bus, provocando congesti&#xF3;n en el sector de alta concurrencia. Tal como lo pronostic&#xF3; Yael Szewkis el pasado viernes, este fin de semana se registraron tormentas y ca&#xED;da de granizos en diferentes sectores del sur del pa&#xED;s. Un veh&#xED;culo impact&#xF3; contra el muro de una casa, quedando incrustado en la vivienda y destruyendo gran parte del frontis.<\/p>\n<h3 id=\"toc-2\">&quot;Excelente atenci&#xF3;n y por sobre todo he mejorado bastante por las dolencias que me acongojan.&quot;<\/h3>\n<p>Descubrir m&#xE1;s empresas en otras localidades de X Region Los Lagos La casa del peluquero Patricio Araya en el barrio El Golf, en Las Condes, est&#xE1; a la venta. Si para ir a la peluquer&#xED;a empezaba un d&#xED;a antes a elegir ropa moderna y exclusiva, para estar en su casa eleg&#xED;a en el minuto la ropa que estuviera rota o manchada.<\/p>\n<h2 id=\"toc-3\">Peluquer&#xED;a<\/h2>\n<p>La residencia de 420 metros cuadrados, en la que Pato ofrec&#xED;a sus servicios de peluquer&#xED;a, cuenta con dos pisos, siete salones y cinco estacionamientos. Tras la muerte del peluquero chileno Patricio Araya en 2021, a causa de complicaciones por coronavirus, su viudo, Alejandro L&#xF3;pez, qued&#xF3; a cargo de una imponente casa de estilo veneciano-&#xE1;rabe. En SERVICIOS DE BELLEZA Y BIENESTAR LESLY ARAYA EIRL somos una empresa especializada en peluqueria y otros tratamientos de belleza. En COSMETOLOGIA MATIAS ARAYA RODRIGUEZ EIRL somos una empresa especializada en peluqueria y otros tratamientos de belleza. Con ella partieron las tremendas casas de peluquer&#xED;a que se instalaron alrededor y siempre llam&#xF3; mucho la atenci&#xF3;n. Al otro lado de esa reja, est&#xE1; la casa en que la pareja vivi&#xF3; los &#xFA;ltimos 18 a&#xF1;os y donde el peluquero pas&#xF3; sus meses finales de cuarentena.<\/p>\n<p>Para lograrlo, las peluquer&#xED;as ofrecen una amplia variedad Ver Peluquer&#xED;a Sin embargo, a menudo lo sometemos a tratamientos agresivos como el te&#xF1;ido, Ver Peluquer&#xED;a Nova L&#xED;nea es un negocio de peluquer&#xED;a ubicado en Los Carrera 341 en la ciudad de Copiap&#xF3;. Centro Depilaci&#xF3;n Integral Marcela es un negocio de peluquer&#xED;a ubicado en Colip&#xED; 484 Locg 203 en la ciudad de Copiap&#xF3;. &#xA1;Reserva ahora y luce un cabello espectacular en nuestras peluquer&#xED;as en toda la regi&#xF3;n! En la actividad, adem&#xE1;s, se present&#xF3; el Premio &#x201C;Patricio Araya&#x201D; que busca reconocer el quehacer de los estilistas nacionales y que en esta primera versi&#xF3;n fue entregado al marido de Araya, Alejandro L&#xF3;pez, quien recibi&#xF3; la escultura de una mujer con su cabello colgando hacia sus pies.<\/p>\n<p>Con una Gift Card de Cl&#xED;nica Bioserva, est&#xE1;s regalando amor propio, belleza y bienestar &#x2728; Te ofrecemos un cuidado integral para que disfrutes de una experiencia &#xFA;nica. Nos especializamos en servicios de Sal&#xF3;n de Belleza, Depilaci&#xF3;n L&#xE1;ser, Kinesiolog&#xED;a y Tratamientos Corporales y Faciales de &#xFA;ltima generaci&#xF3;n que te har&#xE1;n sentir a&#xFA;n m&#xE1;s excepcional de lo que ya eres. En Cl&#xED;nica Bioserva, tu belleza y bienestar son nuestra inspiraci&#xF3;n &#x1F338; &#x1F338; Tu belleza es nuestra prioridad.<\/p>\n<p>&quot;Excelente atenci&#xF3;n, me encant&#xF3;, muchas gracias por la acogida y porque me quedaron maravilloso mis pies y manitos. Muchas gracias a Nati! &quot; Muy buena atenci&#xF3;n de parte de Daniela Muy detallista y personalizado el servicioQuede muy conforme &quot; &quot;Buena atenci&#xF3;n, productos de calidad y amabilidad en la presentaci&#xF3;n del servicio. Recomendable.&quot; &quot;Empatica y con gran oficio. Se percibe su dominio de tijeras en sus manos. Buena experiencia . Espero continue asi. Hasta la proxima. &quot; &quot;Fue excelente! Muy detallista y con mucha experiencia Francisca&quot;<\/p>\n<p>La casona del fallecido peluquero Pato Araya\/La Tercera Su viudo busca a alguien que realmente valore la historia de la casa, que en su momento fue un verdadero epicentro de la elegancia y el glamour de Santiago. Se trata de una casona que Araya construy&#xF3; en pleno barrio El Golf, en la comuna de Las Condes, y que L&#xF3;pez, &#xFA;nico heredero del estilista, puso en venta debido a que no est&#xE1; en condiciones econ&#xF3;micas de mantenerla, seg&#xFA;n cont&#xF3; a Las &#xDA;ltimas Noticias. Actualmente, busca vender la propiedad, fijando un precio que refleje tanto su valor arquitect&#xF3;nico como su carga simb&#xF3;lica. Si eres el propietario de esta empresa y deseas asumir el control de la misma, haga clic en el bot&#xF3;n &quot;Aceptar&quot;. Nuestro equipo de atenci&#xF3;n estar&#xE1; encantado de resolver tus dudas, ofrecerte informaci&#xF3;n detallada y ayudarte a tomar la mejor decisi&#xF3;n seg&#xFA;n tus necesidades.<\/p>","protected":false},"excerpt":{"rendered":"<p>Feria Sal\u00f3n Look Santiago 2021 realiza desfile y homenaje p\u00f3stumo al reconocido estilista Patricio Araya Contenido Edificio de la Bolsa tendr\u00e1 un estilo de centro urbano similar al MUT &#8220;Excelente atenci\u00f3n y por sobre todo he mejorado bastante por las dolencias que me acongojan.&#8221; Peluquer\u00eda Qui\u00e9n era Tony Germano, el actor de Netflix que falleci\u00f3 [&hellip;]<\/p>\n","protected":false},"author":2,"featured_media":0,"comment_status":"open","ping_status":"open","sticky":false,"template":"","format":"standard","meta":{"_et_pb_use_builder":"","_et_pb_old_content":"","_et_gb_content_width":"","footnotes":""},"categories":[280],"tags":[],"class_list":["post-7312","post","type-post","status-publish","format-standard","hentry","category-patoaraya-cl"],"_links":{"self":[{"href":"https:\/\/birdrepellentasia.com\/th\/wp-json\/wp\/v2\/posts\/7312","targetHints":{"allow":["GET"]}}],"collection":[{"href":"https:\/\/birdrepellentasia.com\/th\/wp-json\/wp\/v2\/posts"}],"about":[{"href":"https:\/\/birdrepellentasia.com\/th\/wp-json\/wp\/v2\/types\/post"}],"author":[{"embeddable":true,"href":"https:\/\/birdrepellentasia.com\/th\/wp-json\/wp\/v2\/users\/2"}],"replies":[{"embeddable":true,"href":"https:\/\/birdrepellentasia.com\/th\/wp-json\/wp\/v2\/comments?post=7312"}],"version-history":[{"count":1,"href":"https:\/\/birdrepellentasia.com\/th\/wp-json\/wp\/v2\/posts\/7312\/revisions"}],"predecessor-version":[{"id":7314,"href":"https:\/\/birdrepellentasia.com\/th\/wp-json\/wp\/v2\/posts\/7312\/revisions\/7314"}],"wp:attachment":[{"href":"https:\/\/birdrepellentasia.com\/th\/wp-json\/wp\/v2\/media?parent=7312"}],"wp:term":[{"taxonomy":"category","embeddable":true,"href":"https:\/\/birdrepellentasia.com\/th\/wp-json\/wp\/v2\/categories?post=7312"},{"taxonomy":"post_tag","embeddable":true,"href":"https:\/\/birdrepellentasia.com\/th\/wp-json\/wp\/v2\/tags?post=7312"}],"curies":[{"name":"wp","href":"https:\/\/api.w.org\/{rel}","templated":true}]}}